{"id":32,"date":"2024-10-18T10:54:33","date_gmt":"2024-10-18T07:54:33","guid":{"rendered":"https:\/\/diyanetgorsen.org.tr\/denizli\/?p=32"},"modified":"2025-01-08T18:38:06","modified_gmt":"2025-01-08T15:38:06","slug":"denizli-2","status":"publish","type":"post","link":"https:\/\/diyanetgorsen.org.tr\/denizli\/2024\/10\/18\/denizli-2\/","title":{"rendered":"Denizli"},"content":{"rendered":"<p><b>Denizli<\/b>,\u00a0<a title=\"T\u00fcrkiye\" href=\"https:\/\/tr.wikipedia.org\/wiki\/T%C3%BCrkiye\">T\u00fcrkiye<\/a>&#8216;nin\u00a0<a title=\"Ege B\u00f6lgesi\" href=\"https:\/\/tr.wikipedia.org\/wiki\/Ege_B%C3%B6lgesi\">Ege B\u00f6lgesindeki<\/a>\u00a0ayn\u0131 adl\u0131\u00a0<a title=\"Denizli (il)\" href=\"https:\/\/tr.wikipedia.org\/wiki\/Denizli_(il)\">ilin<\/a>\u00a0merkezi olan bir \u015fehirdir.<\/p>\n<p>Bir sanayi, ihracat ve ticaret merkezi olan Denizli, ayn\u0131 zamanda altm\u0131\u015f be\u015f bine yakla\u015fan \u00fcniversite \u00f6\u011frencisine ev sahipli\u011fi yapmaktad\u0131r. Bir y\u0131lda milyonlarca yerli ve yabanc\u0131 turisti a\u011f\u0131rlayan il, bir turizm kenti olmas\u0131n\u0131n yan\u0131 s\u0131ra d\u00fczenlenen yerel, ulusal ve uluslararas\u0131 etkinliklerle e\u011fitim, kongre, k\u00fclt\u00fcr ve sanat merkezi \u00f6zelli\u011findedir.\u00a0<a class=\"new\" title=\"GEKA (sayfa mevcut de\u011fil)\" href=\"https:\/\/tr.wikipedia.org\/w\/index.php?title=GEKA&amp;action=edit&amp;redlink=1\">GEKA<\/a>\u00a0(G\u00fcney Ege Kalk\u0131nma Ajans\u0131) merkezi Denizli&#8217;dedir.<sup id=\"cite_ref-1\" class=\"reference\"><a href=\"https:\/\/tr.wikipedia.org\/wiki\/Denizli#cite_note-1\"><span class=\"cite-bracket\">[<\/span>1<span class=\"cite-bracket\">]<\/span><\/a><\/sup><\/p>\n<p><a title=\"Akda\u011f (Denizli)\" href=\"https:\/\/tr.wikipedia.org\/wiki\/Akda%C4%9F_(Denizli)\">Akda\u011f<\/a>&#8216;\u0131n (<a title=\"Babada\u011f, Denizli\" href=\"https:\/\/tr.wikipedia.org\/wiki\/Babada%C4%9F,_Denizli\">Babada\u011f<\/a>) kuzey yama\u00e7lar\u0131 eteklerinde,\u00a0<a title=\"B\u00fcy\u00fck Menderes\" href=\"https:\/\/tr.wikipedia.org\/wiki\/B%C3%BCy%C3%BCk_Menderes\">B\u00fcy\u00fck Menderes<\/a>&#8216;in kolu olan\u00a0<a title=\"Aksu \u00c7ay\u0131\" href=\"https:\/\/tr.wikipedia.org\/wiki\/Aksu_%C3%87ay%C4%B1\">Aksu<\/a>\u00a0\u00e7ay\u0131na kavu\u015fan derelerle hafif\u00e7e yar\u0131lm\u0131\u015f bir plato \u00fczerinde yer alan Denizli, yeni bir kenttir. As\u0131l kent buradan 6-7 kilometre kadar kuzeydeki\u00a0<a class=\"mw-redirect\" title=\"Laodikeia\" href=\"https:\/\/tr.wikipedia.org\/wiki\/Laodikeia\">Laodikeia<\/a>\u00a0(Laodicaea) adl\u0131 yerdeydi.\u00a0<a title=\"Sel\u00e7uklu Hanedan\u0131\" href=\"https:\/\/tr.wikipedia.org\/wiki\/Sel%C3%A7uklu_Hanedan%C4%B1\">Sel\u00e7uklular<\/a>\u00a0ve\u00a0<a title=\"Bizans \u0130mparatorlu\u011fu\" href=\"https:\/\/tr.wikipedia.org\/wiki\/Bizans_%C4%B0mparatorlu%C4%9Fu\">Bizansl\u0131lar<\/a>\u00a0aras\u0131ndaki sava\u015flar sonucu y\u0131k\u0131ma u\u011frayan ve \u00f6zellikle suyollar\u0131 bozulan Laodikeia zamanla terk edilmeye ba\u015flanm\u0131\u015f ve yerle\u015fme 11. y\u00fczy\u0131ldan ba\u015flayarak bol su kaynaklar\u0131n\u0131n bulundu\u011fu Denizli, Ladik&#8217;e do\u011fru yer de\u011fi\u015ftirmeye ba\u015flam\u0131\u015ft\u0131r. Kent, 1702-1703&#8217;teki bir deprem s\u0131ras\u0131nda b\u00fcy\u00fck zarara u\u011fram\u0131\u015f ve daha sonra yeniden kurulmu\u015ftur. Ege k\u0131y\u0131lar\u0131ndan i\u00e7 kesimlere sokulan do\u011fal bir yol \u00fczerinde bulunan Denizli, \u00f6zellikle 1950&#8217;li y\u0131llarda karayollar\u0131n\u0131n d\u00fczelmesinden sonra, bu konumunun ve \u00e7evresindeki tar\u0131m etkinliklerinin geli\u015fmesi sonucu h\u0131zla kalabal\u0131kla\u015fm\u0131\u015f ve 1950&#8217;de 22.000 olan n\u00fcfusu, aradan ge\u00e7en 60 y\u0131l i\u00e7inde yakla\u015f\u0131k 25 kat artm\u0131\u015ft\u0131r. Sanayisi, turizmi, ticareti ve hizmet sekt\u00f6r\u00fc \u00e7ok geli\u015fmi\u015f olan Denizli,\u00a0<a title=\"T\u00fcrkiye\" href=\"https:\/\/tr.wikipedia.org\/wiki\/T%C3%BCrkiye\">T\u00fcrkiye<\/a>&#8216;nin en kalk\u0131nm\u0131\u015f kentlerinden biridir.\u00a0<a title=\"Anadolu Kaplanlar\u0131\" href=\"https:\/\/tr.wikipedia.org\/wiki\/Anadolu_Kaplanlar%C4%B1\">Anadolu Kaplanlar\u0131<\/a>&#8216;n\u0131n ba\u015f\u0131d\u0131r. D\u00fcnya&#8217;da tekstilin en \u00f6nemli ba\u015fkentleri aras\u0131ndad\u0131r. Ayr\u0131ca\u00a0<a title=\"Serinhisar\" href=\"https:\/\/tr.wikipedia.org\/wiki\/Serinhisar\">Serinhisar<\/a>\u00a0il\u00e7esi de T\u00fcrkiye&#8217;nin\u00a0<a title=\"Leblebi\" href=\"https:\/\/tr.wikipedia.org\/wiki\/Leblebi\">leblebi<\/a>\u00a0ve leblebi \u00fcr\u00fcnleri ihtiyac\u0131n\u0131n %85 civar\u0131n\u0131 kar\u015f\u0131lamaktad\u0131r. Denizli, T\u00fcrkiye&#8217;nin en b\u00fcy\u00fck 10 ekonomisi aras\u0131ndad\u0131r. Kent, havlu, bornoz ve ev tekstilinde\u00a0<a title=\"Amerika Birle\u015fik Devletleri\" href=\"https:\/\/tr.wikipedia.org\/wiki\/Amerika_Birle%C5%9Fik_Devletleri\">ABD<\/a>\u00a0ve\u00a0<a title=\"Avrupa Birli\u011fi\" href=\"https:\/\/tr.wikipedia.org\/wiki\/Avrupa_Birli%C4%9Fi\">AB<\/a>\u00a0pazar\u0131nda iyi bir prestije sahiptir. Havas\u0131 ve do\u011fas\u0131\u00a0<a title=\"Ege B\u00f6lgesi\" href=\"https:\/\/tr.wikipedia.org\/wiki\/Ege_B%C3%B6lgesi\">Ege B\u00f6lgesininortalamalar\u0131n\u0131<\/a>\u00a0yans\u0131t\u0131r. \u015eehrin birka\u00e7 noktas\u0131nda horoz heykeli bulunur. D\u00fcnyaca bilinen do\u011fa harikas\u0131\u00a0<a title=\"Pamukkale\" href=\"https:\/\/tr.wikipedia.org\/wiki\/Pamukkale\">Pamukkale<\/a>\u00a0de \u015fehrin simgelerinden biridir. Pamukkale,\u00a0<a title=\"UNESCO\" href=\"https:\/\/tr.wikipedia.org\/wiki\/UNESCO\">UNESCO<\/a>&#8216;nun d\u00fcnya k\u00fclt\u00fcr miras\u0131 listesindedir.\u00a0<a title=\"Karahay\u0131t, Pamukkale\" href=\"https:\/\/tr.wikipedia.org\/wiki\/Karahay%C4%B1t,_Pamukkale\">Karahay\u0131t<\/a>\u00a0da uluslararas\u0131 termal bir merkezdir. Ayr\u0131ca en y\u00fcksek da\u011f\u0131\u00a0<a title=\"Honaz Da\u011f\u0131\" href=\"https:\/\/tr.wikipedia.org\/wiki\/Honaz_Da%C4%9F%C4%B1\">Honaz Da\u011f\u0131<\/a>\u00a0ayn\u0131 zamanda\u00a0<a title=\"Ege B\u00f6lgesi\" href=\"https:\/\/tr.wikipedia.org\/wiki\/Ege_B%C3%B6lgesi\">Ege B\u00f6lgesinin<\/a>\u00a0en y\u00fcksek da\u011f\u0131d\u0131r (2532 m). \u015eehirde UNESCO&#8217;ya giren\u00a0<a title=\"Hierapolis\" href=\"https:\/\/tr.wikipedia.org\/wiki\/Hierapolis\">Hierapolis<\/a>,\u00a0<a title=\"Laodikya\" href=\"https:\/\/tr.wikipedia.org\/wiki\/Laodikya\">Laodikeia<\/a>,\u00a0<a title=\"Tripolis ad Meaendrum\" href=\"https:\/\/tr.wikipedia.org\/wiki\/Tripolis_ad_Meaendrum\">Tripolis<\/a>, Tabea, Attoudda, Eumenea, Collossea vb. bir\u00e7ok antik kent bulunmaktad\u0131r.<sup id=\"cite_ref-2\" class=\"reference\"><a href=\"https:\/\/tr.wikipedia.org\/wiki\/Denizli#cite_note-2\"><span class=\"cite-bracket\">[<\/span>2<span class=\"cite-bracket\">]<\/span><\/a><\/sup><\/p>\n","protected":false},"excerpt":{"rendered":"<p>Denizli,\u00a0T\u00fcrkiye&#8216;nin\u00a0Ege B\u00f6lgesindeki\u00a0ayn\u0131 adl\u0131\u00a0ilin\u00a0merkezi olan bir \u015fehirdir. Bir sanayi, ihracat ve ticaret merkezi olan Denizli, ayn\u0131 zamanda altm\u0131\u015f be\u015f bine yakla\u015fan \u00fcniversite \u00f6\u011frencisine ev sahipli\u011fi yapmaktad\u0131r. Bir y\u0131lda milyonlarca yerli ve yabanc\u0131 turisti a\u011f\u0131rlayan il, bir turizm kenti olmas\u0131n\u0131n yan\u0131 s\u0131ra d\u00fczenlenen yerel, ulusal ve uluslararas\u0131 etkinliklerle e\u011fitim, kongre, k\u00fclt\u00fcr ve sanat merkezi \u00f6zelli\u011findedir.\u00a0GEKA\u00a0(G\u00fcney Ege Kalk\u0131nma [&#8230;]\n","protected":false},"author":1,"featured_media":152,"comment_status":"open","ping_status":"open","sticky":false,"template":"","format":"standard","meta":{"_joinchat":[],"footnotes":""},"categories":[1],"tags":[],"class_list":["post-32","post","type-post","status-publish","format-standard","has-post-thumbnail","hentry","category-haberler"],"yoast_head":"<!-- This site is optimized with the Yoast SEO plugin v26.7 - https:\/\/yoast.com\/wordpress\/plugins\/seo\/ -->\n<title>Denizli - Denizli \u015eubesi<\/title>\n<meta name=\"robots\" content=\"index, follow, max-snippet:-1, max-image-preview:large, max-video-preview:-1\" \/>\n<link rel=\"canonical\" href=\"https:\/\/diyanetgorsen.org.tr\/denizli\/2024\/10\/18\/denizli-2\/\" \/>\n<meta property=\"og:locale\" content=\"tr_TR\" \/>\n<meta property=\"og:type\" content=\"article\" \/>\n<meta property=\"og:title\" content=\"Denizli - Denizli \u015eubesi\" \/>\n<meta property=\"og:description\" content=\"Denizli,\u00a0T\u00fcrkiye&#8216;nin\u00a0Ege B\u00f6lgesindeki\u00a0ayn\u0131 adl\u0131\u00a0ilin\u00a0merkezi olan bir \u015fehirdir. Bir sanayi, ihracat ve ticaret merkezi olan Denizli, ayn\u0131 zamanda altm\u0131\u015f be\u015f bine yakla\u015fan \u00fcniversite \u00f6\u011frencisine ev sahipli\u011fi yapmaktad\u0131r. Bir y\u0131lda milyonlarca yerli ve yabanc\u0131 turisti a\u011f\u0131rlayan il, bir turizm kenti olmas\u0131n\u0131n yan\u0131 s\u0131ra d\u00fczenlenen yerel, ulusal ve uluslararas\u0131 etkinliklerle e\u011fitim, kongre, k\u00fclt\u00fcr ve sanat merkezi \u00f6zelli\u011findedir.\u00a0GEKA\u00a0(G\u00fcney Ege Kalk\u0131nma [...]\" \/>\n<meta property=\"og:url\" content=\"https:\/\/diyanetgorsen.org.tr\/denizli\/2024\/10\/18\/denizli-2\/\" \/>\n<meta property=\"og:site_name\" content=\"Denizli \u015eubesi\" \/>\n<meta property=\"article:published_time\" content=\"2024-10-18T07:54:33+00:00\" \/>\n<meta property=\"article:modified_time\" content=\"2025-01-08T15:38:06+00:00\" \/>\n<meta property=\"og:image\" content=\"https:\/\/diyanetgorsen.org.tr\/denizli\/wp-content\/uploads\/sites\/35\/2024\/10\/Pamukale_Turkey_2013_4.jpg\" \/>\n\t<meta property=\"og:image:width\" content=\"2400\" \/>\n\t<meta property=\"og:image:height\" content=\"1600\" \/>\n\t<meta property=\"og:image:type\" content=\"image\/jpeg\" \/>\n<meta name=\"author\" content=\"DiYadmiN\" \/>\n<meta name=\"twitter:card\" content=\"summary_large_image\" \/>\n<meta name=\"twitter:label1\" content=\"Yazan:\" \/>\n\t<meta name=\"twitter:data1\" content=\"DiYadmiN\" \/>\n\t<meta name=\"twitter:label2\" content=\"Tahmini okuma s\u00fcresi\" \/>\n\t<meta name=\"twitter:data2\" content=\"3 dakika\" \/>\n<script type=\"application\/ld+json\" class=\"yoast-schema-graph\">{\"@context\":\"https:\/\/schema.org\",\"@graph\":[{\"@type\":\"Article\",\"@id\":\"https:\/\/diyanetgorsen.org.tr\/denizli\/2024\/10\/18\/denizli-2\/#article\",\"isPartOf\":{\"@id\":\"https:\/\/diyanetgorsen.org.tr\/denizli\/2024\/10\/18\/denizli-2\/\"},\"author\":{\"name\":\"DiYadmiN\",\"@id\":\"https:\/\/diyanetgorsen.org.tr\/denizli\/#\/schema\/person\/ba38d5f1bb227dd83e5bcb061eec548a\"},\"headline\":\"Denizli\",\"datePublished\":\"2024-10-18T07:54:33+00:00\",\"dateModified\":\"2025-01-08T15:38:06+00:00\",\"mainEntityOfPage\":{\"@id\":\"https:\/\/diyanetgorsen.org.tr\/denizli\/2024\/10\/18\/denizli-2\/\"},\"wordCount\":432,\"commentCount\":0,\"image\":{\"@id\":\"https:\/\/diyanetgorsen.org.tr\/denizli\/2024\/10\/18\/denizli-2\/#primaryimage\"},\"thumbnailUrl\":\"https:\/\/diyanetgorsen.org.tr\/denizli\/wp-content\/uploads\/sites\/35\/2024\/10\/Pamukale_Turkey_2013_4.jpg\",\"articleSection\":[\"Haberler\"],\"inLanguage\":\"tr\",\"potentialAction\":[{\"@type\":\"CommentAction\",\"name\":\"Comment\",\"target\":[\"https:\/\/diyanetgorsen.org.tr\/denizli\/2024\/10\/18\/denizli-2\/#respond\"]}]},{\"@type\":\"WebPage\",\"@id\":\"https:\/\/diyanetgorsen.org.tr\/denizli\/2024\/10\/18\/denizli-2\/\",\"url\":\"https:\/\/diyanetgorsen.org.tr\/denizli\/2024\/10\/18\/denizli-2\/\",\"name\":\"Denizli - Denizli \u015eubesi\",\"isPartOf\":{\"@id\":\"https:\/\/diyanetgorsen.org.tr\/denizli\/#website\"},\"primaryImageOfPage\":{\"@id\":\"https:\/\/diyanetgorsen.org.tr\/denizli\/2024\/10\/18\/denizli-2\/#primaryimage\"},\"image\":{\"@id\":\"https:\/\/diyanetgorsen.org.tr\/denizli\/2024\/10\/18\/denizli-2\/#primaryimage\"},\"thumbnailUrl\":\"https:\/\/diyanetgorsen.org.tr\/denizli\/wp-content\/uploads\/sites\/35\/2024\/10\/Pamukale_Turkey_2013_4.jpg\",\"datePublished\":\"2024-10-18T07:54:33+00:00\",\"dateModified\":\"2025-01-08T15:38:06+00:00\",\"author\":{\"@id\":\"https:\/\/diyanetgorsen.org.tr\/denizli\/#\/schema\/person\/ba38d5f1bb227dd83e5bcb061eec548a\"},\"breadcrumb\":{\"@id\":\"https:\/\/diyanetgorsen.org.tr\/denizli\/2024\/10\/18\/denizli-2\/#breadcrumb\"},\"inLanguage\":\"tr\",\"potentialAction\":[{\"@type\":\"ReadAction\",\"target\":[\"https:\/\/diyanetgorsen.org.tr\/denizli\/2024\/10\/18\/denizli-2\/\"]}]},{\"@type\":\"ImageObject\",\"inLanguage\":\"tr\",\"@id\":\"https:\/\/diyanetgorsen.org.tr\/denizli\/2024\/10\/18\/denizli-2\/#primaryimage\",\"url\":\"https:\/\/diyanetgorsen.org.tr\/denizli\/wp-content\/uploads\/sites\/35\/2024\/10\/Pamukale_Turkey_2013_4.jpg\",\"contentUrl\":\"https:\/\/diyanetgorsen.org.tr\/denizli\/wp-content\/uploads\/sites\/35\/2024\/10\/Pamukale_Turkey_2013_4.jpg\",\"width\":2400,\"height\":1600},{\"@type\":\"BreadcrumbList\",\"@id\":\"https:\/\/diyanetgorsen.org.tr\/denizli\/2024\/10\/18\/denizli-2\/#breadcrumb\",\"itemListElement\":[{\"@type\":\"ListItem\",\"position\":1,\"name\":\"Anasayfa\",\"item\":\"https:\/\/diyanetgorsen.org.tr\/denizli\/\"},{\"@type\":\"ListItem\",\"position\":2,\"name\":\"Denizli\"}]},{\"@type\":\"WebSite\",\"@id\":\"https:\/\/diyanetgorsen.org.tr\/denizli\/#website\",\"url\":\"https:\/\/diyanetgorsen.org.tr\/denizli\/\",\"name\":\"Denizli \u015eubesi\",\"description\":\"\",\"potentialAction\":[{\"@type\":\"SearchAction\",\"target\":{\"@type\":\"EntryPoint\",\"urlTemplate\":\"https:\/\/diyanetgorsen.org.tr\/denizli\/?s={search_term_string}\"},\"query-input\":{\"@type\":\"PropertyValueSpecification\",\"valueRequired\":true,\"valueName\":\"search_term_string\"}}],\"inLanguage\":\"tr\"},{\"@type\":\"Person\",\"@id\":\"https:\/\/diyanetgorsen.org.tr\/denizli\/#\/schema\/person\/ba38d5f1bb227dd83e5bcb061eec548a\",\"name\":\"DiYadmiN\",\"image\":{\"@type\":\"ImageObject\",\"inLanguage\":\"tr\",\"@id\":\"https:\/\/diyanetgorsen.org.tr\/denizli\/#\/schema\/person\/image\/\",\"url\":\"https:\/\/secure.gravatar.com\/avatar\/e2dfbca5b54f23f961808e880edf8fec?s=96&d=mm&r=g\",\"contentUrl\":\"https:\/\/secure.gravatar.com\/avatar\/e2dfbca5b54f23f961808e880edf8fec?s=96&d=mm&r=g\",\"caption\":\"DiYadmiN\"},\"sameAs\":[\"https:\/\/diyanetgorsen.org.tr\"],\"url\":\"https:\/\/diyanetgorsen.org.tr\/denizli\/author\/diyadmin\/\"}]}<\/script>\n<!-- \/ Yoast SEO plugin. -->","yoast_head_json":{"title":"Denizli - Denizli \u015eubesi","robots":{"index":"index","follow":"follow","max-snippet":"max-snippet:-1","max-image-preview":"max-image-preview:large","max-video-preview":"max-video-preview:-1"},"canonical":"https:\/\/diyanetgorsen.org.tr\/denizli\/2024\/10\/18\/denizli-2\/","og_locale":"tr_TR","og_type":"article","og_title":"Denizli - Denizli \u015eubesi","og_description":"Denizli,\u00a0T\u00fcrkiye&#8216;nin\u00a0Ege B\u00f6lgesindeki\u00a0ayn\u0131 adl\u0131\u00a0ilin\u00a0merkezi olan bir \u015fehirdir. Bir sanayi, ihracat ve ticaret merkezi olan Denizli, ayn\u0131 zamanda altm\u0131\u015f be\u015f bine yakla\u015fan \u00fcniversite \u00f6\u011frencisine ev sahipli\u011fi yapmaktad\u0131r. Bir y\u0131lda milyonlarca yerli ve yabanc\u0131 turisti a\u011f\u0131rlayan il, bir turizm kenti olmas\u0131n\u0131n yan\u0131 s\u0131ra d\u00fczenlenen yerel, ulusal ve uluslararas\u0131 etkinliklerle e\u011fitim, kongre, k\u00fclt\u00fcr ve sanat merkezi \u00f6zelli\u011findedir.\u00a0GEKA\u00a0(G\u00fcney Ege Kalk\u0131nma [...]","og_url":"https:\/\/diyanetgorsen.org.tr\/denizli\/2024\/10\/18\/denizli-2\/","og_site_name":"Denizli \u015eubesi","article_published_time":"2024-10-18T07:54:33+00:00","article_modified_time":"2025-01-08T15:38:06+00:00","og_image":[{"width":2400,"height":1600,"url":"https:\/\/diyanetgorsen.org.tr\/denizli\/wp-content\/uploads\/sites\/35\/2024\/10\/Pamukale_Turkey_2013_4.jpg","type":"image\/jpeg"}],"author":"DiYadmiN","twitter_card":"summary_large_image","twitter_misc":{"Yazan:":"DiYadmiN","Tahmini okuma s\u00fcresi":"3 dakika"},"schema":{"@context":"https:\/\/schema.org","@graph":[{"@type":"Article","@id":"https:\/\/diyanetgorsen.org.tr\/denizli\/2024\/10\/18\/denizli-2\/#article","isPartOf":{"@id":"https:\/\/diyanetgorsen.org.tr\/denizli\/2024\/10\/18\/denizli-2\/"},"author":{"name":"DiYadmiN","@id":"https:\/\/diyanetgorsen.org.tr\/denizli\/#\/schema\/person\/ba38d5f1bb227dd83e5bcb061eec548a"},"headline":"Denizli","datePublished":"2024-10-18T07:54:33+00:00","dateModified":"2025-01-08T15:38:06+00:00","mainEntityOfPage":{"@id":"https:\/\/diyanetgorsen.org.tr\/denizli\/2024\/10\/18\/denizli-2\/"},"wordCount":432,"commentCount":0,"image":{"@id":"https:\/\/diyanetgorsen.org.tr\/denizli\/2024\/10\/18\/denizli-2\/#primaryimage"},"thumbnailUrl":"https:\/\/diyanetgorsen.org.tr\/denizli\/wp-content\/uploads\/sites\/35\/2024\/10\/Pamukale_Turkey_2013_4.jpg","articleSection":["Haberler"],"inLanguage":"tr","potentialAction":[{"@type":"CommentAction","name":"Comment","target":["https:\/\/diyanetgorsen.org.tr\/denizli\/2024\/10\/18\/denizli-2\/#respond"]}]},{"@type":"WebPage","@id":"https:\/\/diyanetgorsen.org.tr\/denizli\/2024\/10\/18\/denizli-2\/","url":"https:\/\/diyanetgorsen.org.tr\/denizli\/2024\/10\/18\/denizli-2\/","name":"Denizli - Denizli \u015eubesi","isPartOf":{"@id":"https:\/\/diyanetgorsen.org.tr\/denizli\/#website"},"primaryImageOfPage":{"@id":"https:\/\/diyanetgorsen.org.tr\/denizli\/2024\/10\/18\/denizli-2\/#primaryimage"},"image":{"@id":"https:\/\/diyanetgorsen.org.tr\/denizli\/2024\/10\/18\/denizli-2\/#primaryimage"},"thumbnailUrl":"https:\/\/diyanetgorsen.org.tr\/denizli\/wp-content\/uploads\/sites\/35\/2024\/10\/Pamukale_Turkey_2013_4.jpg","datePublished":"2024-10-18T07:54:33+00:00","dateModified":"2025-01-08T15:38:06+00:00","author":{"@id":"https:\/\/diyanetgorsen.org.tr\/denizli\/#\/schema\/person\/ba38d5f1bb227dd83e5bcb061eec548a"},"breadcrumb":{"@id":"https:\/\/diyanetgorsen.org.tr\/denizli\/2024\/10\/18\/denizli-2\/#breadcrumb"},"inLanguage":"tr","potentialAction":[{"@type":"ReadAction","target":["https:\/\/diyanetgorsen.org.tr\/denizli\/2024\/10\/18\/denizli-2\/"]}]},{"@type":"ImageObject","inLanguage":"tr","@id":"https:\/\/diyanetgorsen.org.tr\/denizli\/2024\/10\/18\/denizli-2\/#primaryimage","url":"https:\/\/diyanetgorsen.org.tr\/denizli\/wp-content\/uploads\/sites\/35\/2024\/10\/Pamukale_Turkey_2013_4.jpg","contentUrl":"https:\/\/diyanetgorsen.org.tr\/denizli\/wp-content\/uploads\/sites\/35\/2024\/10\/Pamukale_Turkey_2013_4.jpg","width":2400,"height":1600},{"@type":"BreadcrumbList","@id":"https:\/\/diyanetgorsen.org.tr\/denizli\/2024\/10\/18\/denizli-2\/#breadcrumb","itemListElement":[{"@type":"ListItem","position":1,"name":"Anasayfa","item":"https:\/\/diyanetgorsen.org.tr\/denizli\/"},{"@type":"ListItem","position":2,"name":"Denizli"}]},{"@type":"WebSite","@id":"https:\/\/diyanetgorsen.org.tr\/denizli\/#website","url":"https:\/\/diyanetgorsen.org.tr\/denizli\/","name":"Denizli \u015eubesi","description":"","potentialAction":[{"@type":"SearchAction","target":{"@type":"EntryPoint","urlTemplate":"https:\/\/diyanetgorsen.org.tr\/denizli\/?s={search_term_string}"},"query-input":{"@type":"PropertyValueSpecification","valueRequired":true,"valueName":"search_term_string"}}],"inLanguage":"tr"},{"@type":"Person","@id":"https:\/\/diyanetgorsen.org.tr\/denizli\/#\/schema\/person\/ba38d5f1bb227dd83e5bcb061eec548a","name":"DiYadmiN","image":{"@type":"ImageObject","inLanguage":"tr","@id":"https:\/\/diyanetgorsen.org.tr\/denizli\/#\/schema\/person\/image\/","url":"https:\/\/secure.gravatar.com\/avatar\/e2dfbca5b54f23f961808e880edf8fec?s=96&d=mm&r=g","contentUrl":"https:\/\/secure.gravatar.com\/avatar\/e2dfbca5b54f23f961808e880edf8fec?s=96&d=mm&r=g","caption":"DiYadmiN"},"sameAs":["https:\/\/diyanetgorsen.org.tr"],"url":"https:\/\/diyanetgorsen.org.tr\/denizli\/author\/diyadmin\/"}]}},"_links":{"self":[{"href":"https:\/\/diyanetgorsen.org.tr\/denizli\/wp-json\/wp\/v2\/posts\/32","targetHints":{"allow":["GET"]}}],"collection":[{"href":"https:\/\/diyanetgorsen.org.tr\/denizli\/wp-json\/wp\/v2\/posts"}],"about":[{"href":"https:\/\/diyanetgorsen.org.tr\/denizli\/wp-json\/wp\/v2\/types\/post"}],"author":[{"embeddable":true,"href":"https:\/\/diyanetgorsen.org.tr\/denizli\/wp-json\/wp\/v2\/users\/1"}],"replies":[{"embeddable":true,"href":"https:\/\/diyanetgorsen.org.tr\/denizli\/wp-json\/wp\/v2\/comments?post=32"}],"version-history":[{"count":4,"href":"https:\/\/diyanetgorsen.org.tr\/denizli\/wp-json\/wp\/v2\/posts\/32\/revisions"}],"predecessor-version":[{"id":153,"href":"https:\/\/diyanetgorsen.org.tr\/denizli\/wp-json\/wp\/v2\/posts\/32\/revisions\/153"}],"wp:featuredmedia":[{"embeddable":true,"href":"https:\/\/diyanetgorsen.org.tr\/denizli\/wp-json\/wp\/v2\/media\/152"}],"wp:attachment":[{"href":"https:\/\/diyanetgorsen.org.tr\/denizli\/wp-json\/wp\/v2\/media?parent=32"}],"wp:term":[{"taxonomy":"category","embeddable":true,"href":"https:\/\/diyanetgorsen.org.tr\/denizli\/wp-json\/wp\/v2\/categories?post=32"},{"taxonomy":"post_tag","embeddable":true,"href":"https:\/\/diyanetgorsen.org.tr\/denizli\/wp-json\/wp\/v2\/tags?post=32"}],"curies":[{"name":"wp","href":"https:\/\/api.w.org\/{rel}","templated":true}]}}